{"id":2042,"date":"2021-04-29T12:40:32","date_gmt":"2021-04-29T12:40:32","guid":{"rendered":"https:\/\/www.ganadosmacuto.com\/?p=2042"},"modified":"2021-04-30T06:21:55","modified_gmt":"2021-04-30T06:21:55","slug":"visita-de-la-consejera-de-agricultura","status":"publish","type":"post","link":"https:\/\/www.ganadosmacuto.com\/fr\/visita-de-la-consejera-de-agricultura\/","title":{"rendered":"Visite du ministre de l&rsquo;Agriculture"},"content":{"rendered":"<h3><span class=\"VIiyi\" lang=\"fr\"><span class=\"JLqJ4b ChMk0b\" data-language-for-alternatives=\"fr\" data-language-to-translate-into=\"es\" data-phrase-index=\"0\">Les agriculteurs de La Rioja pourront contracter l&rsquo;assurance de gestion pour l&rsquo;enl\u00e8vement et la destruction des cadavres avec une r\u00e9duction moyenne de 23 pour cent<\/span><\/span><\/h3>\r\n<span class=\"VIiyi\" lang=\"fr\"><span class=\"JLqJ4b ChMk0b\" data-language-for-alternatives=\"fr\" data-language-to-translate-into=\"es\" data-phrase-index=\"0\">La mesure pourrait b\u00e9n\u00e9ficier \u00e0 plus de 3,6 millions d&rsquo;animaux assur\u00e9s et la r\u00e9duction serait d&rsquo;environ 0,50 euro \/ kilo \u00e0 0,40 euro \/ kilo.<\/span><\/span>\r\n\r\n<div id='gallery-3' class='gallery galleryid-2042 gallery-columns-3 gallery-size-medium'><figure class='gallery-item'>\n\t\t\t<div class='gallery-icon landscape'>\n\t\t\t\t<a href='https:\/\/www.ganadosmacuto.com\/wp-content\/uploads\/2021\/04\/macuto-1.jpg'><img width=\"300\" height=\"200\" src=\"https:\/\/www.ganadosmacuto.com\/wp-content\/uploads\/2021\/04\/macuto-1-300x200.jpg\" class=\"attachment-medium size-medium\" alt=\"Gesti\u00f3n de retirada y destrucci\u00f3n de cad\u00e1veres\" loading=\"lazy\" srcset=\"https:\/\/www.ganadosmacuto.com\/wp-content\/uploads\/2021\/04\/macuto-1-300x200.jpg 300w, https:\/\/www.ganadosmacuto.com\/wp-content\/uploads\/2021\/04\/macuto-1-1024x683.jpg 1024w, https:\/\/www.ganadosmacuto.com\/wp-content\/uploads\/2021\/04\/macuto-1-768x512.jpg 768w, https:\/\/www.ganadosmacuto.com\/wp-content\/uploads\/2021\/04\/macuto-1-806x537.jpg 806w, https:\/\/www.ganadosmacuto.com\/wp-content\/uploads\/2021\/04\/macuto-1-558x372.jpg 558w, https:\/\/www.ganadosmacuto.com\/wp-content\/uploads\/2021\/04\/macuto-1-655x437.jpg 655w, https:\/\/www.ganadosmacuto.com\/wp-content\/uploads\/2021\/04\/macuto-1-820x547.jpg 820w, https:\/\/www.ganadosmacuto.com\/wp-content\/uploads\/2021\/04\/macuto-1.jpg 1080w\" sizes=\"(max-width: 300px) 100vw, 300px\" \/><\/a>\n\t\t\t<\/div><\/figure><figure class='gallery-item'>\n\t\t\t<div class='gallery-icon landscape'>\n\t\t\t\t<a href='https:\/\/www.ganadosmacuto.com\/wp-content\/uploads\/2021\/04\/macuto-2.jpg'><img width=\"300\" height=\"200\" src=\"https:\/\/www.ganadosmacuto.com\/wp-content\/uploads\/2021\/04\/macuto-2-300x200.jpg\" class=\"attachment-medium size-medium\" alt=\"Gesti\u00f3n de retirada y destrucci\u00f3n de cad\u00e1veres\" loading=\"lazy\" srcset=\"https:\/\/www.ganadosmacuto.com\/wp-content\/uploads\/2021\/04\/macuto-2-300x200.jpg 300w, https:\/\/www.ganadosmacuto.com\/wp-content\/uploads\/2021\/04\/macuto-2-1024x683.jpg 1024w, https:\/\/www.ganadosmacuto.com\/wp-content\/uploads\/2021\/04\/macuto-2-768x512.jpg 768w, https:\/\/www.ganadosmacuto.com\/wp-content\/uploads\/2021\/04\/macuto-2-806x537.jpg 806w, https:\/\/www.ganadosmacuto.com\/wp-content\/uploads\/2021\/04\/macuto-2-558x372.jpg 558w, https:\/\/www.ganadosmacuto.com\/wp-content\/uploads\/2021\/04\/macuto-2-655x437.jpg 655w, https:\/\/www.ganadosmacuto.com\/wp-content\/uploads\/2021\/04\/macuto-2-820x547.jpg 820w, https:\/\/www.ganadosmacuto.com\/wp-content\/uploads\/2021\/04\/macuto-2.jpg 1080w\" sizes=\"(max-width: 300px) 100vw, 300px\" \/><\/a>\n\t\t\t<\/div><\/figure><figure class='gallery-item'>\n\t\t\t<div class='gallery-icon landscape'>\n\t\t\t\t<a href='https:\/\/www.ganadosmacuto.com\/wp-content\/uploads\/2021\/04\/macuto-3.jpg'><img width=\"300\" height=\"200\" src=\"https:\/\/www.ganadosmacuto.com\/wp-content\/uploads\/2021\/04\/macuto-3-300x200.jpg\" class=\"attachment-medium size-medium\" alt=\"Gesti\u00f3n de retirada y destrucci\u00f3n de cad\u00e1veres\" loading=\"lazy\" srcset=\"https:\/\/www.ganadosmacuto.com\/wp-content\/uploads\/2021\/04\/macuto-3-300x200.jpg 300w, https:\/\/www.ganadosmacuto.com\/wp-content\/uploads\/2021\/04\/macuto-3-1024x683.jpg 1024w, https:\/\/www.ganadosmacuto.com\/wp-content\/uploads\/2021\/04\/macuto-3-768x512.jpg 768w, https:\/\/www.ganadosmacuto.com\/wp-content\/uploads\/2021\/04\/macuto-3-806x537.jpg 806w, https:\/\/www.ganadosmacuto.com\/wp-content\/uploads\/2021\/04\/macuto-3-558x372.jpg 558w, https:\/\/www.ganadosmacuto.com\/wp-content\/uploads\/2021\/04\/macuto-3-655x437.jpg 655w, https:\/\/www.ganadosmacuto.com\/wp-content\/uploads\/2021\/04\/macuto-3-820x547.jpg 820w, https:\/\/www.ganadosmacuto.com\/wp-content\/uploads\/2021\/04\/macuto-3.jpg 1080w\" sizes=\"(max-width: 300px) 100vw, 300px\" \/><\/a>\n\t\t\t<\/div><\/figure>\n\t\t<\/div>\n\r\n\r\n<span class=\"VIiyi\" lang=\"fr\"><span class=\"JLqJ4b\" data-language-for-alternatives=\"fr\" data-language-to-translate-into=\"es\" data-phrase-index=\"0\">Les agriculteurs de La Rioja pourront contracter l&rsquo;assurance de la gestion de l&rsquo;enl\u00e8vement et de la destruction des animaux morts avec un prix moyen inf\u00e9rieur de 23 pour cent au cours de la prochaine p\u00e9riode contractuelle qui ouvrira en juin. \u00abL&rsquo;objectif est de favoriser une plus grande rentabilit\u00e9 des exploitations, d&rsquo;accompagner les agriculteurs et ainsi de r\u00e9pondre \u00e0 une demande historique du secteur\u00bb, a annonc\u00e9 la ministre de l&rsquo;Agriculture et de l&rsquo;\u00c9levage, Eva Hita, lors de sa visite \u00e0 l&rsquo;entreprise Ganados Macuto \u00e0 Ba\u00f1ares, d\u00e9di\u00e9e aux moutons.<\/span><\/span>\r\n\r\n<span class=\"VIiyi\" lang=\"fr\"><span class=\"JLqJ4b\" data-language-for-alternatives=\"fr\" data-language-to-translate-into=\"es\" data-phrase-index=\"0\">Hita a visit\u00e9 les fermes de Ganados Macuto, accompagn\u00e9e de Jaime et Andr\u00e9s Aparicio, troisi\u00e8me g\u00e9n\u00e9ration \u00e0 la t\u00eate de cette entreprise familiale d\u00e9di\u00e9e \u00e0 l&rsquo;achat et \u00e0 la vente de moutons avec plus de 50000 t\u00eates de b\u00e9tail manipul\u00e9es chaque ann\u00e9e, qui travaille \u00e0 partir des principes de durabilit\u00e9 en la gestion des installations, le contr\u00f4le de l&rsquo;alimentation naturelle \u00e9quilibr\u00e9e et le respect des garanties maximales de bien-\u00eatre animal.<\/span><\/span>\r\n\r\n<span class=\"VIiyi\" lang=\"fr\"><span class=\"JLqJ4b\" data-language-for-alternatives=\"fr\" data-language-to-translate-into=\"es\" data-phrase-index=\"0\">Ganados Macuto est l&rsquo;une des exploitations agricoles pouvant b\u00e9n\u00e9ficier de la r\u00e9duction du prix contractuel ou de la r\u00e9vision de la police d&rsquo;assurance enl\u00e8vement et destruction, une n\u00e9gociation qui a \u00e9t\u00e9 r\u00e9alis\u00e9e par le minist\u00e8re de l&rsquo;Agriculture, de l&rsquo;\u00c9levage, du Monde rural, du Territoire et de la Population avec la direction compagnie d&rsquo;assurance pour son application \u00e0 La Rioja, l&rsquo;une des communaut\u00e9s autonomes qui avait les primes les plus \u00e9lev\u00e9es.<\/span><\/span>\r\n\r\n<strong><span class=\"VIiyi\" lang=\"fr\"><span class=\"JLqJ4b\" data-language-for-alternatives=\"fr\" data-language-to-translate-into=\"es\" data-phrase-index=\"0\">3,3 millions d&rsquo;euros pour soutenir l&rsquo;assurance agricole<\/span><\/span><\/strong>\r\n\r\n<span class=\"VIiyi\" lang=\"fr\"><span class=\"JLqJ4b\" data-language-for-alternatives=\"fr\" data-language-to-translate-into=\"es\" data-phrase-index=\"0\">Les agriculteurs et \u00e9leveurs de la Rioja peuvent assurer leurs exploitations en 2021 \u00e0 travers 20 lignes pour les productions agricoles et 15 autres pour le b\u00e9tail, en plus de la ligne de retrait et de destruction du b\u00e9tail qui est incluse dans le plan d&rsquo;assurance depuis 2013.<\/span><\/span>\r\n\r\n<span class=\"VIiyi\" lang=\"fr\"><span class=\"JLqJ4b\" data-language-for-alternatives=\"fr\" data-language-to-translate-into=\"es\" data-phrase-index=\"0\"><span class=\"JLqJ4b ChMk0b\" data-language-for-alternatives=\"fr\" data-language-to-translate-into=\"es\" data-phrase-index=\"0\">Le minist\u00e8re de l&rsquo;Agriculture, de l&rsquo;\u00c9levage, du Monde rural, du Territoire et de la Population allouera cette ann\u00e9e 3,30 millions d&rsquo;euros pour couvrir le co\u00fbt de l&rsquo;assurance agricole et qui compl\u00e8tent les aides accord\u00e9es par le minist\u00e8re de l&rsquo;Agriculture au travers de l&rsquo;Entit\u00e9 d&rsquo;Assurance de l&rsquo;Etat (IN CE).<\/span> <\/span><\/span>\r\n\r\n<span class=\"VIiyi\" lang=\"fr\"><span class=\"JLqJ4b\" data-language-for-alternatives=\"fr\" data-language-to-translate-into=\"es\" data-phrase-index=\"0\">De cette mani\u00e8re, le Minist\u00e8re de l&rsquo;Agriculture et de l&rsquo;Elevage, dans le but de promouvoir le d\u00e9veloppement de l&rsquo;assurance agricole dans le cadre des Plans Nationaux d&rsquo;Assurance Agraire, accorde une aide qui incite les agriculteurs et les \u00e9leveurs de La Rioja \u00e0 conclure des contrats de garantie. les loyers. La Communaut\u00e9 autonome de La Rioja subventionne le co\u00fbt de l&rsquo;assurance avec un pourcentage qui est directement appliqu\u00e9 \u00e0 la subvention que l&rsquo;ENESA applique \u00e0 la police souscrite. Dans les assurances enl\u00e8vement et destruction, ce pourcentage est calcul\u00e9 sur la base nette de la prime commerciale et la subvention appliqu\u00e9e par l&rsquo;ENESA est un montant fixe par t\u00eate et par esp\u00e8ce.<\/span><\/span>\r\n\r\n<span class=\"VIiyi\" lang=\"fr\"><span class=\"JLqJ4b\" data-language-for-alternatives=\"fr\" data-language-to-translate-into=\"es\" data-phrase-index=\"0\">Hita a soulign\u00e9 que &lt;&lt; actuellement, le minist\u00e8re de l&rsquo;Agriculture et de l&rsquo;\u00c9levage subventionne 56,3 pour cent du volume de la prime re\u00e7ue de l&rsquo;assurance d&rsquo;enl\u00e8vement et de destruction, un pourcentage de subvention qui est r\u00e9glement\u00e9 annuellement et qui varie en fonction de l&rsquo;esp\u00e8ce, du type d&rsquo;exploitation et du b\u00e9n\u00e9ficiaire. \u00bb.<\/span><\/span>\r\n\r\n<span class=\"VIiyi\" lang=\"fr\"><span class=\"JLqJ4b\" data-language-for-alternatives=\"fr\" data-language-to-translate-into=\"es\" data-phrase-index=\"0\">Les donn\u00e9es contractuelles par esp\u00e8ce dans le Plan d&rsquo;Assurances 2019 &#8211; les derniers chiffres disponibles &#8211; font \u00e9tat de 3.653.569 animaux assur\u00e9s dans les lignes d&rsquo;enl\u00e8vement et de destruction, un capital assur\u00e9 de 13.888.144 euros et un montant total de prime d&rsquo;encaissement de 965082 euros, dont le Le minist\u00e8re de l&rsquo;Agriculture subventionne 543 245 euros. Le montant total de la charge de l&rsquo;assur\u00e9 \u00e9tait de 308 443 euros \u00e0 l&rsquo;appel du plan 2019. Avec les nouvelles conditions qui s&rsquo;appliqueront \u00e0 partir de juin, ce montant total de la charge de l&rsquo;assur\u00e9 serait de 237 385 euros, soit 23% de moins. Si vous regardez en euros \/ kilo, la r\u00e9duction serait d&rsquo;environ 0,50 euro \/ kilo \u00e0 0,40 euro \/ kilo.<\/span><\/span>\r\n\r\n<span class=\"VIiyi\" lang=\"fr\"><span class=\"JLqJ4b\" data-language-for-alternatives=\"fr\" data-language-to-translate-into=\"es\" data-phrase-index=\"0\">Hita a soulign\u00e9 que \u00abl&rsquo;administration a obtenu cette r\u00e9duction du prix contractuel, en m\u00eame temps qu&rsquo;elle est rest\u00e9e dans le syst\u00e8me espagnol d&rsquo;assurance agricole. De cette mani\u00e8re, les agriculteurs de Riojan continuent \u00e0 obtenir la subvention ENESA, en plus de r\u00e9duire la contribution de l&rsquo;agriculteur \u00bb. <\/span><\/span>\r\n\r\n<span class=\"VIiyi\" lang=\"fr\"><span class=\"JLqJ4b\" data-language-for-alternatives=\"fr\" data-language-to-translate-into=\"es\" data-phrase-index=\"0\">Le Ministre de l&rsquo;Agriculture et de l&rsquo;Elevage a soulign\u00e9 que \u00ab\u00a0le Gouvernement de La Rioja traduit ainsi son engagement \u00e0 am\u00e9liorer la comp\u00e9titivit\u00e9 des \u00e9levages en raison de leur importance en tant que garants de l&rsquo;approvisionnement alimentaire et de la revitalisation \u00e9conomique des zones rurales\u00a0\u00bb.<\/span><\/span>\r\n\r\n&nbsp;\r\n\r\n<a href=\"https:\/\/actualidad.larioja.org\/noticia?n=not-los-ganaderos-de-la-rioja-podran-contratar-el-seguro-de-gestion-de-retirada-y-destruccion-de-c&amp;fbclid=IwAR0p7nzQp8i55e5qwVhL73NfAMQUpQ49D7wR91grTHlRMfLf72GXNF1-pW4\" target=\"_blank\" rel=\"noopener noreferrer\">Voir les actualit\u00e9s<\/a>","protected":false},"excerpt":{"rendered":"<p>Les agriculteurs de La Rioja pourront contracter l&rsquo;assurance de gestion pour l&rsquo;enl\u00e8vement et la destruction des cadavres<\/p>\n","protected":false},"author":1,"featured_media":2046,"comment_status":"closed","ping_status":"open","sticky":false,"template":"","format":"standard","meta":{"_mi_skip_tracking":false},"categories":[47,54,46],"tags":[51,52,55,53,56],"aioseo_notices":[],"_links":{"self":[{"href":"https:\/\/www.ganadosmacuto.com\/fr\/wp-json\/wp\/v2\/posts\/2042"}],"collection":[{"href":"https:\/\/www.ganadosmacuto.com\/fr\/wp-json\/wp\/v2\/posts"}],"about":[{"href":"https:\/\/www.ganadosmacuto.com\/fr\/wp-json\/wp\/v2\/types\/post"}],"author":[{"embeddable":true,"href":"https:\/\/www.ganadosmacuto.com\/fr\/wp-json\/wp\/v2\/users\/1"}],"replies":[{"embeddable":true,"href":"https:\/\/www.ganadosmacuto.com\/fr\/wp-json\/wp\/v2\/comments?post=2042"}],"version-history":[{"count":10,"href":"https:\/\/www.ganadosmacuto.com\/fr\/wp-json\/wp\/v2\/posts\/2042\/revisions"}],"predecessor-version":[{"id":2057,"href":"https:\/\/www.ganadosmacuto.com\/fr\/wp-json\/wp\/v2\/posts\/2042\/revisions\/2057"}],"wp:featuredmedia":[{"embeddable":true,"href":"https:\/\/www.ganadosmacuto.com\/fr\/wp-json\/wp\/v2\/media\/2046"}],"wp:attachment":[{"href":"https:\/\/www.ganadosmacuto.com\/fr\/wp-json\/wp\/v2\/media?parent=2042"}],"wp:term":[{"taxonomy":"category","embeddable":true,"href":"https:\/\/www.ganadosmacuto.com\/fr\/wp-json\/wp\/v2\/categories?post=2042"},{"taxonomy":"post_tag","embeddable":true,"href":"https:\/\/www.ganadosmacuto.com\/fr\/wp-json\/wp\/v2\/tags?post=2042"}],"curies":[{"name":"wp","href":"https:\/\/api.w.org\/{rel}","templated":true}]}}