{"id":1863,"date":"2020-01-08T09:38:31","date_gmt":"2020-01-08T09:38:31","guid":{"rendered":"http:\/\/wicomgroup.es:8008\/macuto\/?p=1863"},"modified":"2020-10-19T10:57:51","modified_gmt":"2020-10-19T10:57:51","slug":"galardonados-en-los-premios-del-campo","status":"publish","type":"post","link":"https:\/\/www.ganadosmacuto.com\/fr\/galardonados-en-los-premios-del-campo\/","title":{"rendered":"Laur\u00e9ats dans \u00ab\u00a0Les Prix du champ\u00a0\u00bb"},"content":{"rendered":"<h3>\u00a0<\/h3>\r\n<h3>La joie de la reconnaissance s\u2019est r\u00e9pandue \u00e0 parts \u00e9gales pour les producteurs et les fiers membres de leur famille. Une Gala tr\u00e8s \u00e9mouvante pour r\u00e9compenser le travail et le d\u00e9vouement des h\u00e9ros du secteur primaire de la Rioja<\/h3>\r\n<figure id=\"attachment_1865\" aria-describedby=\"caption-attachment-1865\" style=\"width: 624px\" class=\"wp-caption aligncenter\"><img loading=\"lazy\" class=\"size-full wp-image-1865\" src=\"https:\/\/www.ganadosmacuto.com\/wp-content\/uploads\/2020\/10\/premios-grupos1-kxO-U909829799831dF-624x385@La-Rioja.jpg\" alt=\"Premios del campo - La Rioja\" width=\"624\" height=\"385\" srcset=\"https:\/\/www.ganadosmacuto.com\/wp-content\/uploads\/2020\/10\/premios-grupos1-kxO-U909829799831dF-624x385@La-Rioja.jpg 624w, https:\/\/www.ganadosmacuto.com\/wp-content\/uploads\/2020\/10\/premios-grupos1-kxO-U909829799831dF-624x385@La-Rioja-300x185.jpg 300w, https:\/\/www.ganadosmacuto.com\/wp-content\/uploads\/2020\/10\/premios-grupos1-kxO-U909829799831dF-624x385@La-Rioja-558x344.jpg 558w\" sizes=\"(max-width: 624px) 100vw, 624px\" \/><figcaption id=\"caption-attachment-1865\" class=\"wp-caption-text\">Les Prix du champ &#8211; <strong>J<\/strong><span class=\"voc-photo-caption\"><strong>aime Aparicio, Ascensi\u00f3n Guerrero, Olatz Aranz\u00e1bal, Andr\u00e9s Aparicio y el peque\u00f1o Ander Aparicio<\/strong>. \/\u00a0<\/span><span class=\"voc-photo-author\">JUAN MAR\u00cdN<\/span><\/figcaption><\/figure>\r\n<p>Les prix, organis\u00e9s par le journal <strong>LA RIOJA et la caisse d\u00b4\u00e9pargne Bankia<\/strong>, se distinguent par leur simplicit\u00e9: la marque distinctive du secteur primaire de la r\u00e9gion et le bon travail de ses protagonistes. Rien de plus, et rien de moins, L\u2019effort, le d\u00e9vouement et la recherche sont \u00e0 l\u2019origine de la reconnaissance qui est maintenant appel\u00e9e produit de proximit\u00e9 ou z\u00e9ro kilom\u00e8tre et saisonnier. Les gagnants sont repartis dans les six cat\u00e9gories de l\u00b4appel.<\/p>\r\n<p>Ganados Macuto a \u00e9t\u00e9 victorieux dans la cat\u00e9gorie Coop\u00e9ratives et Entreprises, reconnue comme une r\u00e9f\u00e9rence dans le secteur ovin de La Rioja, ajoutant plus de <strong>cinquante mille t\u00eates de b\u00e9tail<\/strong> entre <strong>Ba\u00f1ares et Arenzana<\/strong>. Une entreprise familiale qui, ces derni\u00e8res ann\u00e9es, a progress\u00e9 en mati\u00e8re de bien-\u00eatre animal et continue de se positionner dans la grande distribution.<\/p>\r\n<p>Sans oublier l\u2019agneau de No\u00ebl que <strong>Jaime Aparicio<\/strong> pr\u00e9pare pour la demande sp\u00e9ciale de la saison de No\u00ebl, cela fait \u00e9galement de lui l\u2019un des gagnants.<\/p>\r\n<p>La pr\u00e9sidente de l\u2019Ex\u00e9cutif de La Rioja, <strong>Madame Concha Andreu<\/strong>, \u00e9tait \u00e9galement pr\u00e9sente \u00e0 la c\u00e9r\u00e9monie de remise des prix qui s\u2019est tenue dans le b\u00e2timent Technologique Scientifique de l\u2019Universit\u00e9 de La Rioja dans une r\u00e9f\u00e9rence tacite au fait que les valeurs de la tradition ne sont pas en contradiction avec l\u2019\u00e9volution ou la recherche.<\/p>\r\n<p class=\"enlace-noticia\"><i class=\"flaticon-arrow413\"><\/i> <a href=\"https:\/\/www.larioja.com\/la-rioja\/mejores-frutos-territorio-20191216221921-nt.html\" target=\"_blank\" rel=\"noopener noreferrer\"> Voir les actualit\u00e9s<\/a><\/p>\r\n\r\n<p>&nbsp;<\/p>","protected":false},"excerpt":{"rendered":"<p>Gala \u00e9motionnel pour r\u00e9compenser le travail et le d\u00e9vouement des h\u00e9ros du secteur primaire de Riojan<\/p>\n","protected":false},"author":1,"featured_media":2019,"comment_status":"closed","ping_status":"open","sticky":false,"template":"","format":"standard","meta":{"_mi_skip_tracking":false},"categories":[54,45,46],"tags":[51,52,55,53,50],"aioseo_notices":[],"_links":{"self":[{"href":"https:\/\/www.ganadosmacuto.com\/fr\/wp-json\/wp\/v2\/posts\/1863"}],"collection":[{"href":"https:\/\/www.ganadosmacuto.com\/fr\/wp-json\/wp\/v2\/posts"}],"about":[{"href":"https:\/\/www.ganadosmacuto.com\/fr\/wp-json\/wp\/v2\/types\/post"}],"author":[{"embeddable":true,"href":"https:\/\/www.ganadosmacuto.com\/fr\/wp-json\/wp\/v2\/users\/1"}],"replies":[{"embeddable":true,"href":"https:\/\/www.ganadosmacuto.com\/fr\/wp-json\/wp\/v2\/comments?post=1863"}],"version-history":[{"count":19,"href":"https:\/\/www.ganadosmacuto.com\/fr\/wp-json\/wp\/v2\/posts\/1863\/revisions"}],"predecessor-version":[{"id":2018,"href":"https:\/\/www.ganadosmacuto.com\/fr\/wp-json\/wp\/v2\/posts\/1863\/revisions\/2018"}],"wp:featuredmedia":[{"embeddable":true,"href":"https:\/\/www.ganadosmacuto.com\/fr\/wp-json\/wp\/v2\/media\/2019"}],"wp:attachment":[{"href":"https:\/\/www.ganadosmacuto.com\/fr\/wp-json\/wp\/v2\/media?parent=1863"}],"wp:term":[{"taxonomy":"category","embeddable":true,"href":"https:\/\/www.ganadosmacuto.com\/fr\/wp-json\/wp\/v2\/categories?post=1863"},{"taxonomy":"post_tag","embeddable":true,"href":"https:\/\/www.ganadosmacuto.com\/fr\/wp-json\/wp\/v2\/tags?post=1863"}],"curies":[{"name":"wp","href":"https:\/\/api.w.org\/{rel}","templated":true}]}}